{"id":15044,"date":"2023-10-27T10:00:09","date_gmt":"2023-10-27T08:00:09","guid":{"rendered":"https:\/\/www.resolvo.eu\/?p=15044"},"modified":"2023-10-27T10:54:24","modified_gmt":"2023-10-27T08:54:24","slug":"major-cities-of-europe-in-prato-for-its-annual-conference","status":"publish","type":"post","link":"https:\/\/www.resolvo.eu\/en\/major-cities-of-europe-in-prato-for-its-annual-conference\/","title":{"rendered":"Major Cities of Europe in Prato for its annual conference"},"content":{"rendered":"<p>The 2023 <a href=\"https:\/\/www.majorcities.eu\/\">Major Cities of Europe<\/a> conference took place in Prato, at the Pecci Centre for Contemporary Art (25-27 October 2023).<\/p>\n<p>Under the motto \u201cA loom with a view \u2013 Weaving the digital future of communities, cities and regions\u201d the programme included speakers from cities, regions, research centres and companies specialised in Local Government innovation, outcomes and issues related to the developments of the transformation of cities and regions and to the governance of local communities.<\/p>\n<p>The focus of the event was on the role of technologies that support the Green and Digital transformation, Safety, Security and Cybersecurity of local governments and communities,<\/p>\n<p>on means to leverage emerging technologies, like Artificial Intelligence and Digital Twins to support, and on the critical role played by leadership and skills.<\/p>\n<p>Resolvo supported Tuscany Region in the organisation of the session dedicated to the evolving role of regions, with a focus on digital skills, digital twins, cloud and cybersecurity.<\/p>\n<p>Representatives from Flanders (Region and <a href=\"https:\/\/v-ict-or.be\/\">V-ICT-OR<\/a>), Gran Lyon, P\u00e4ij\u00e4t-H\u00e4me, Marche, <a href=\"https:\/\/socitm.net\/\">Socitm<\/a> and Tuscany shared their views on these challenging topics. Even if different contexts and experiences were presented all agreed on three key points: get citizens closer, enhance cross-domain and multilevel cooperation on data, seek for political support.<\/p>\n<p>&nbsp;<\/p>\n<p><img loading=\"lazy\" decoding=\"async\" class=\"wp-image-15039 size-full aligncenter\" src=\"https:\/\/www.resolvo.eu\/wp-content\/uploads\/2023\/10\/Immagine1.png\" alt=\"A loom with a view\" width=\"964\" height=\"188\" srcset=\"https:\/\/www.resolvo.eu\/wp-content\/uploads\/2023\/10\/Immagine1.png 964w, https:\/\/www.resolvo.eu\/wp-content\/uploads\/2023\/10\/Immagine1-640x125.png 640w, https:\/\/www.resolvo.eu\/wp-content\/uploads\/2023\/10\/Immagine1-768x150.png 768w, https:\/\/www.resolvo.eu\/wp-content\/uploads\/2023\/10\/Immagine1-320x62.png 320w\" sizes=\"auto, (max-width: 964px) 100vw, 964px\" \/><\/p>\n","protected":false},"excerpt":{"rendered":"<p>The 2023 Major Cities of Europe conference took place in Prato, at the Pecci Centre for Contemporary Art (25-27 October 2023). Under the motto \u201cA loom with a view \u2013 Weaving the digital future of communities, cities and regions\u201d the programme included speakers from cities, regions, research centres and companies specialised in Local Government innovation,&#8230;<\/p>\n","protected":false},"author":14,"featured_media":15036,"comment_status":"closed","ping_status":"closed","sticky":false,"template":"","format":"standard","meta":{"_acf_changed":false,"om_disable_all_campaigns":false,"cybocfi_hide_featured_image":"","footnotes":""},"categories":[359,179],"tags":[354,198,277],"class_list":["post-15044","post","type-post","status-publish","format-standard","has-post-thumbnail","hentry","category-cybersecurity-2","category-european-projects-en","tag-cybersecurity-en-en","tag-cybersecurity","tag-digital-skills"],"acf":[],"yoast_head":"<!-- This site is optimized with the Yoast SEO plugin v27.3 - https:\/\/yoast.com\/product\/yoast-seo-wordpress\/ -->\n<title>Major Cities of Europe in Prato for its annual conference - RESOLVO<\/title>\n<meta name=\"robots\" content=\"index, follow, max-snippet:-1, max-image-preview:large, max-video-preview:-1\" \/>\n<link rel=\"canonical\" href=\"https:\/\/www.resolvo.eu\/en\/major-cities-of-europe-in-prato-for-its-annual-conference\/\" \/>\n<meta property=\"og:locale\" content=\"en_US\" \/>\n<meta property=\"og:type\" content=\"article\" \/>\n<meta property=\"og:title\" content=\"Major Cities of Europe in Prato for its annual conference - RESOLVO\" \/>\n<meta property=\"og:description\" content=\"The 2023 Major Cities of Europe conference took place in Prato, at the Pecci Centre for Contemporary Art (25-27 October 2023). Under the motto \u201cA loom with a view \u2013 Weaving the digital future of communities, cities and regions\u201d the programme included speakers from cities, regions, research centres and companies specialised in Local Government innovation,...\" \/>\n<meta property=\"og:url\" content=\"https:\/\/www.resolvo.eu\/en\/major-cities-of-europe-in-prato-for-its-annual-conference\/\" \/>\n<meta property=\"og:site_name\" content=\"RESOLVO\" \/>\n<meta property=\"article:published_time\" content=\"2023-10-27T08:00:09+00:00\" \/>\n<meta property=\"article:modified_time\" content=\"2023-10-27T08:54:24+00:00\" \/>\n<meta property=\"og:image\" content=\"https:\/\/www.resolvo.eu\/wp-content\/uploads\/2023\/10\/rsz_mce_prato_2.jpg\" \/>\n\t<meta property=\"og:image:width\" content=\"1920\" \/>\n\t<meta property=\"og:image:height\" content=\"1200\" \/>\n\t<meta property=\"og:image:type\" content=\"image\/jpeg\" \/>\n<meta name=\"author\" content=\"Sara Banchi\" \/>\n<meta name=\"twitter:card\" content=\"summary_large_image\" \/>\n<meta name=\"twitter:label1\" content=\"Written by\" \/>\n\t<meta name=\"twitter:data1\" content=\"Sara Banchi\" \/>\n\t<meta name=\"twitter:label2\" content=\"Est. reading time\" \/>\n\t<meta name=\"twitter:data2\" content=\"2 minutes\" \/>\n<script type=\"application\/ld+json\" class=\"yoast-schema-graph\">{\"@context\":\"https:\\\/\\\/schema.org\",\"@graph\":[{\"@type\":\"Article\",\"@id\":\"https:\\\/\\\/www.resolvo.eu\\\/en\\\/major-cities-of-europe-in-prato-for-its-annual-conference\\\/#article\",\"isPartOf\":{\"@id\":\"https:\\\/\\\/www.resolvo.eu\\\/en\\\/major-cities-of-europe-in-prato-for-its-annual-conference\\\/\"},\"author\":{\"name\":\"Sara Banchi\",\"@id\":\"https:\\\/\\\/www.resolvo.eu\\\/#\\\/schema\\\/person\\\/5c4c9435bc9337f7008218f18440192f\"},\"headline\":\"Major Cities of Europe in Prato for its annual conference\",\"datePublished\":\"2023-10-27T08:00:09+00:00\",\"dateModified\":\"2023-10-27T08:54:24+00:00\",\"mainEntityOfPage\":{\"@id\":\"https:\\\/\\\/www.resolvo.eu\\\/en\\\/major-cities-of-europe-in-prato-for-its-annual-conference\\\/\"},\"wordCount\":214,\"publisher\":{\"@id\":\"https:\\\/\\\/www.resolvo.eu\\\/#organization\"},\"image\":{\"@id\":\"https:\\\/\\\/www.resolvo.eu\\\/en\\\/major-cities-of-europe-in-prato-for-its-annual-conference\\\/#primaryimage\"},\"thumbnailUrl\":\"https:\\\/\\\/www.resolvo.eu\\\/wp-content\\\/uploads\\\/2023\\\/10\\\/rsz_mce_prato_2.jpg\",\"keywords\":[\"Cybersecurity\",\"Cybersecurity\",\"DIGITAL SKILLS\"],\"articleSection\":[\"Cybersecurity\",\"European projects\"],\"inLanguage\":\"en-US\"},{\"@type\":\"WebPage\",\"@id\":\"https:\\\/\\\/www.resolvo.eu\\\/en\\\/major-cities-of-europe-in-prato-for-its-annual-conference\\\/\",\"url\":\"https:\\\/\\\/www.resolvo.eu\\\/en\\\/major-cities-of-europe-in-prato-for-its-annual-conference\\\/\",\"name\":\"Major Cities of Europe in Prato for its annual conference - RESOLVO\",\"isPartOf\":{\"@id\":\"https:\\\/\\\/www.resolvo.eu\\\/#website\"},\"primaryImageOfPage\":{\"@id\":\"https:\\\/\\\/www.resolvo.eu\\\/en\\\/major-cities-of-europe-in-prato-for-its-annual-conference\\\/#primaryimage\"},\"image\":{\"@id\":\"https:\\\/\\\/www.resolvo.eu\\\/en\\\/major-cities-of-europe-in-prato-for-its-annual-conference\\\/#primaryimage\"},\"thumbnailUrl\":\"https:\\\/\\\/www.resolvo.eu\\\/wp-content\\\/uploads\\\/2023\\\/10\\\/rsz_mce_prato_2.jpg\",\"datePublished\":\"2023-10-27T08:00:09+00:00\",\"dateModified\":\"2023-10-27T08:54:24+00:00\",\"breadcrumb\":{\"@id\":\"https:\\\/\\\/www.resolvo.eu\\\/en\\\/major-cities-of-europe-in-prato-for-its-annual-conference\\\/#breadcrumb\"},\"inLanguage\":\"en-US\",\"potentialAction\":[{\"@type\":\"ReadAction\",\"target\":[\"https:\\\/\\\/www.resolvo.eu\\\/en\\\/major-cities-of-europe-in-prato-for-its-annual-conference\\\/\"]}]},{\"@type\":\"ImageObject\",\"inLanguage\":\"en-US\",\"@id\":\"https:\\\/\\\/www.resolvo.eu\\\/en\\\/major-cities-of-europe-in-prato-for-its-annual-conference\\\/#primaryimage\",\"url\":\"https:\\\/\\\/www.resolvo.eu\\\/wp-content\\\/uploads\\\/2023\\\/10\\\/rsz_mce_prato_2.jpg\",\"contentUrl\":\"https:\\\/\\\/www.resolvo.eu\\\/wp-content\\\/uploads\\\/2023\\\/10\\\/rsz_mce_prato_2.jpg\",\"width\":1920,\"height\":1200,\"caption\":\"MCE_Prato\"},{\"@type\":\"BreadcrumbList\",\"@id\":\"https:\\\/\\\/www.resolvo.eu\\\/en\\\/major-cities-of-europe-in-prato-for-its-annual-conference\\\/#breadcrumb\",\"itemListElement\":[{\"@type\":\"ListItem\",\"position\":1,\"name\":\"Home\",\"item\":\"https:\\\/\\\/www.resolvo.eu\\\/en\\\/\"},{\"@type\":\"ListItem\",\"position\":2,\"name\":\"Major Cities of Europe in Prato for its annual conference\"}]},{\"@type\":\"WebSite\",\"@id\":\"https:\\\/\\\/www.resolvo.eu\\\/#website\",\"url\":\"https:\\\/\\\/www.resolvo.eu\\\/\",\"name\":\"RESOLVO\",\"description\":\"Responsible Solutions | In Toscana Resolvo individua le opportunit\u00e0 di finanziamento per sostenere i progetti di ricerca industriale, sviluppo sperimentale ed innovazione delle imprese.\",\"publisher\":{\"@id\":\"https:\\\/\\\/www.resolvo.eu\\\/#organization\"},\"potentialAction\":[{\"@type\":\"SearchAction\",\"target\":{\"@type\":\"EntryPoint\",\"urlTemplate\":\"https:\\\/\\\/www.resolvo.eu\\\/?s={search_term_string}\"},\"query-input\":{\"@type\":\"PropertyValueSpecification\",\"valueRequired\":true,\"valueName\":\"search_term_string\"}}],\"inLanguage\":\"en-US\"},{\"@type\":\"Organization\",\"@id\":\"https:\\\/\\\/www.resolvo.eu\\\/#organization\",\"name\":\"RESOLVO\",\"url\":\"https:\\\/\\\/www.resolvo.eu\\\/\",\"logo\":{\"@type\":\"ImageObject\",\"inLanguage\":\"en-US\",\"@id\":\"https:\\\/\\\/www.resolvo.eu\\\/#\\\/schema\\\/logo\\\/image\\\/\",\"url\":\"https:\\\/\\\/www.resolvo.eu\\\/wp-content\\\/uploads\\\/2022\\\/02\\\/cropped-favicon.png\",\"contentUrl\":\"https:\\\/\\\/www.resolvo.eu\\\/wp-content\\\/uploads\\\/2022\\\/02\\\/cropped-favicon.png\",\"width\":512,\"height\":512,\"caption\":\"RESOLVO\"},\"image\":{\"@id\":\"https:\\\/\\\/www.resolvo.eu\\\/#\\\/schema\\\/logo\\\/image\\\/\"}},{\"@type\":\"Person\",\"@id\":\"https:\\\/\\\/www.resolvo.eu\\\/#\\\/schema\\\/person\\\/5c4c9435bc9337f7008218f18440192f\",\"name\":\"Sara Banchi\",\"image\":{\"@type\":\"ImageObject\",\"inLanguage\":\"en-US\",\"@id\":\"https:\\\/\\\/secure.gravatar.com\\\/avatar\\\/222c7a46d3e061bf7bba026867e0177165c654907da0be578838672069729f58?s=96&d=mm&r=g\",\"url\":\"https:\\\/\\\/secure.gravatar.com\\\/avatar\\\/222c7a46d3e061bf7bba026867e0177165c654907da0be578838672069729f58?s=96&d=mm&r=g\",\"contentUrl\":\"https:\\\/\\\/secure.gravatar.com\\\/avatar\\\/222c7a46d3e061bf7bba026867e0177165c654907da0be578838672069729f58?s=96&d=mm&r=g\",\"caption\":\"Sara Banchi\"},\"url\":\"https:\\\/\\\/www.resolvo.eu\\\/en\\\/author\\\/sarabanchi\\\/\"}]}<\/script>\n<!-- \/ Yoast SEO plugin. -->","yoast_head_json":{"title":"Major Cities of Europe in Prato for its annual conference - RESOLVO","robots":{"index":"index","follow":"follow","max-snippet":"max-snippet:-1","max-image-preview":"max-image-preview:large","max-video-preview":"max-video-preview:-1"},"canonical":"https:\/\/www.resolvo.eu\/en\/major-cities-of-europe-in-prato-for-its-annual-conference\/","og_locale":"en_US","og_type":"article","og_title":"Major Cities of Europe in Prato for its annual conference - RESOLVO","og_description":"The 2023 Major Cities of Europe conference took place in Prato, at the Pecci Centre for Contemporary Art (25-27 October 2023). Under the motto \u201cA loom with a view \u2013 Weaving the digital future of communities, cities and regions\u201d the programme included speakers from cities, regions, research centres and companies specialised in Local Government innovation,...","og_url":"https:\/\/www.resolvo.eu\/en\/major-cities-of-europe-in-prato-for-its-annual-conference\/","og_site_name":"RESOLVO","article_published_time":"2023-10-27T08:00:09+00:00","article_modified_time":"2023-10-27T08:54:24+00:00","og_image":[{"width":1920,"height":1200,"url":"https:\/\/www.resolvo.eu\/wp-content\/uploads\/2023\/10\/rsz_mce_prato_2.jpg","type":"image\/jpeg"}],"author":"Sara Banchi","twitter_card":"summary_large_image","twitter_misc":{"Written by":"Sara Banchi","Est. reading time":"2 minutes"},"schema":{"@context":"https:\/\/schema.org","@graph":[{"@type":"Article","@id":"https:\/\/www.resolvo.eu\/en\/major-cities-of-europe-in-prato-for-its-annual-conference\/#article","isPartOf":{"@id":"https:\/\/www.resolvo.eu\/en\/major-cities-of-europe-in-prato-for-its-annual-conference\/"},"author":{"name":"Sara Banchi","@id":"https:\/\/www.resolvo.eu\/#\/schema\/person\/5c4c9435bc9337f7008218f18440192f"},"headline":"Major Cities of Europe in Prato for its annual conference","datePublished":"2023-10-27T08:00:09+00:00","dateModified":"2023-10-27T08:54:24+00:00","mainEntityOfPage":{"@id":"https:\/\/www.resolvo.eu\/en\/major-cities-of-europe-in-prato-for-its-annual-conference\/"},"wordCount":214,"publisher":{"@id":"https:\/\/www.resolvo.eu\/#organization"},"image":{"@id":"https:\/\/www.resolvo.eu\/en\/major-cities-of-europe-in-prato-for-its-annual-conference\/#primaryimage"},"thumbnailUrl":"https:\/\/www.resolvo.eu\/wp-content\/uploads\/2023\/10\/rsz_mce_prato_2.jpg","keywords":["Cybersecurity","Cybersecurity","DIGITAL SKILLS"],"articleSection":["Cybersecurity","European projects"],"inLanguage":"en-US"},{"@type":"WebPage","@id":"https:\/\/www.resolvo.eu\/en\/major-cities-of-europe-in-prato-for-its-annual-conference\/","url":"https:\/\/www.resolvo.eu\/en\/major-cities-of-europe-in-prato-for-its-annual-conference\/","name":"Major Cities of Europe in Prato for its annual conference - RESOLVO","isPartOf":{"@id":"https:\/\/www.resolvo.eu\/#website"},"primaryImageOfPage":{"@id":"https:\/\/www.resolvo.eu\/en\/major-cities-of-europe-in-prato-for-its-annual-conference\/#primaryimage"},"image":{"@id":"https:\/\/www.resolvo.eu\/en\/major-cities-of-europe-in-prato-for-its-annual-conference\/#primaryimage"},"thumbnailUrl":"https:\/\/www.resolvo.eu\/wp-content\/uploads\/2023\/10\/rsz_mce_prato_2.jpg","datePublished":"2023-10-27T08:00:09+00:00","dateModified":"2023-10-27T08:54:24+00:00","breadcrumb":{"@id":"https:\/\/www.resolvo.eu\/en\/major-cities-of-europe-in-prato-for-its-annual-conference\/#breadcrumb"},"inLanguage":"en-US","potentialAction":[{"@type":"ReadAction","target":["https:\/\/www.resolvo.eu\/en\/major-cities-of-europe-in-prato-for-its-annual-conference\/"]}]},{"@type":"ImageObject","inLanguage":"en-US","@id":"https:\/\/www.resolvo.eu\/en\/major-cities-of-europe-in-prato-for-its-annual-conference\/#primaryimage","url":"https:\/\/www.resolvo.eu\/wp-content\/uploads\/2023\/10\/rsz_mce_prato_2.jpg","contentUrl":"https:\/\/www.resolvo.eu\/wp-content\/uploads\/2023\/10\/rsz_mce_prato_2.jpg","width":1920,"height":1200,"caption":"MCE_Prato"},{"@type":"BreadcrumbList","@id":"https:\/\/www.resolvo.eu\/en\/major-cities-of-europe-in-prato-for-its-annual-conference\/#breadcrumb","itemListElement":[{"@type":"ListItem","position":1,"name":"Home","item":"https:\/\/www.resolvo.eu\/en\/"},{"@type":"ListItem","position":2,"name":"Major Cities of Europe in Prato for its annual conference"}]},{"@type":"WebSite","@id":"https:\/\/www.resolvo.eu\/#website","url":"https:\/\/www.resolvo.eu\/","name":"RESOLVO","description":"Responsible Solutions | In Toscana Resolvo individua le opportunit\u00e0 di finanziamento per sostenere i progetti di ricerca industriale, sviluppo sperimentale ed innovazione delle imprese.","publisher":{"@id":"https:\/\/www.resolvo.eu\/#organization"},"potentialAction":[{"@type":"SearchAction","target":{"@type":"EntryPoint","urlTemplate":"https:\/\/www.resolvo.eu\/?s={search_term_string}"},"query-input":{"@type":"PropertyValueSpecification","valueRequired":true,"valueName":"search_term_string"}}],"inLanguage":"en-US"},{"@type":"Organization","@id":"https:\/\/www.resolvo.eu\/#organization","name":"RESOLVO","url":"https:\/\/www.resolvo.eu\/","logo":{"@type":"ImageObject","inLanguage":"en-US","@id":"https:\/\/www.resolvo.eu\/#\/schema\/logo\/image\/","url":"https:\/\/www.resolvo.eu\/wp-content\/uploads\/2022\/02\/cropped-favicon.png","contentUrl":"https:\/\/www.resolvo.eu\/wp-content\/uploads\/2022\/02\/cropped-favicon.png","width":512,"height":512,"caption":"RESOLVO"},"image":{"@id":"https:\/\/www.resolvo.eu\/#\/schema\/logo\/image\/"}},{"@type":"Person","@id":"https:\/\/www.resolvo.eu\/#\/schema\/person\/5c4c9435bc9337f7008218f18440192f","name":"Sara Banchi","image":{"@type":"ImageObject","inLanguage":"en-US","@id":"https:\/\/secure.gravatar.com\/avatar\/222c7a46d3e061bf7bba026867e0177165c654907da0be578838672069729f58?s=96&d=mm&r=g","url":"https:\/\/secure.gravatar.com\/avatar\/222c7a46d3e061bf7bba026867e0177165c654907da0be578838672069729f58?s=96&d=mm&r=g","contentUrl":"https:\/\/secure.gravatar.com\/avatar\/222c7a46d3e061bf7bba026867e0177165c654907da0be578838672069729f58?s=96&d=mm&r=g","caption":"Sara Banchi"},"url":"https:\/\/www.resolvo.eu\/en\/author\/sarabanchi\/"}]}},"_links":{"self":[{"href":"https:\/\/www.resolvo.eu\/en\/wp-json\/wp\/v2\/posts\/15044","targetHints":{"allow":["GET"]}}],"collection":[{"href":"https:\/\/www.resolvo.eu\/en\/wp-json\/wp\/v2\/posts"}],"about":[{"href":"https:\/\/www.resolvo.eu\/en\/wp-json\/wp\/v2\/types\/post"}],"author":[{"embeddable":true,"href":"https:\/\/www.resolvo.eu\/en\/wp-json\/wp\/v2\/users\/14"}],"replies":[{"embeddable":true,"href":"https:\/\/www.resolvo.eu\/en\/wp-json\/wp\/v2\/comments?post=15044"}],"version-history":[{"count":1,"href":"https:\/\/www.resolvo.eu\/en\/wp-json\/wp\/v2\/posts\/15044\/revisions"}],"predecessor-version":[{"id":15045,"href":"https:\/\/www.resolvo.eu\/en\/wp-json\/wp\/v2\/posts\/15044\/revisions\/15045"}],"wp:featuredmedia":[{"embeddable":true,"href":"https:\/\/www.resolvo.eu\/en\/wp-json\/wp\/v2\/media\/15036"}],"wp:attachment":[{"href":"https:\/\/www.resolvo.eu\/en\/wp-json\/wp\/v2\/media?parent=15044"}],"wp:term":[{"taxonomy":"category","embeddable":true,"href":"https:\/\/www.resolvo.eu\/en\/wp-json\/wp\/v2\/categories?post=15044"},{"taxonomy":"post_tag","embeddable":true,"href":"https:\/\/www.resolvo.eu\/en\/wp-json\/wp\/v2\/tags?post=15044"}],"curies":[{"name":"wp","href":"https:\/\/api.w.org\/{rel}","templated":true}]}}