{"id":12567,"date":"2022-06-30T11:50:59","date_gmt":"2022-06-30T10:50:59","guid":{"rendered":"https:\/\/www.resolvo.eu\/?p=12567"},"modified":"2022-08-24T08:18:00","modified_gmt":"2022-08-24T07:18:00","slug":"trinno-after-six-years-the-consortium-is-back-in-barcelona","status":"publish","type":"post","link":"https:\/\/www.resolvo.eu\/en\/trinno-after-six-years-the-consortium-is-back-in-barcelona\/","title":{"rendered":"TRINNO: after six years the consortium is back in Barcelona"},"content":{"rendered":"<p>The 28<sup>th<\/sup> and 29<sup>th<\/sup> June <a href=\"https:\/\/projects2014-2020.interregeurope.eu\/trinno\/\">TRINNO<\/a> project partners and their stakeholders gathered in Barcelona, Spain, for third Interregional Learning Event of the <a href=\"https:\/\/www.resolvo.eu\/en\/trinno-a-new-start\/\">additional activities.<\/a><\/p>\n<p>On first day, we had the opportunity to visit <strong>Ca I\u2019Alier and BIT Habitat<\/strong>. We got acquainted with Grants for Innovation that BIT Habitat is offering, the Urban Challenges initiative and the recently launched Urban Innovation Laboratory, presented by Isabella Longo (BIT Habitat projects director).<\/p>\n<p>Afternoon visit led us to <strong>Citilab<\/strong>, a centre that, for 2 decades, acts as a Citizen Laboratory, working under Living Lab concept to democratize social and digital innovation. Citilab is involving citizens, entrepreneurs and start-ups. We were introduced by Javier Gonz\u00e1lez, Managing Director, and Roser Santamaria, Project Manager.<\/p>\n<p>On second day TRINNO\u2019s workshop was dedicated to policy change proposals presentations. We also learned from the experiences of <strong>Creacci\u00f3<\/strong>, the city of Vic local development agency, presented by N\u00faria Maci\u00e0, (Creacci\u00f3 Director) and discovered the IE SMARTY project, presented by Sergio Martinez (Generalitat de Catalunya).<\/p>\n<p>All project regions presented their final proposals for policy change and expected next activities, together with involved stakeholders. Project will conclude at the end of September 2022, stay tuned for final results.<\/p>\n","protected":false},"excerpt":{"rendered":"<p>The 28th and 29th June TRINNO project partners and their stakeholders gathered in Barcelona, Spain, for third Interregional Learning Event of the additional activities. On first day, we had the opportunity to visit Ca I\u2019Alier and BIT Habitat. We got acquainted with Grants for Innovation that BIT Habitat is offering, the Urban Challenges initiative and&#8230;<\/p>\n","protected":false},"author":4,"featured_media":12564,"comment_status":"closed","ping_status":"closed","sticky":false,"template":"","format":"standard","meta":{"_acf_changed":false,"om_disable_all_campaigns":false,"cybocfi_hide_featured_image":"","footnotes":""},"categories":[179],"tags":[268],"class_list":["post-12567","post","type-post","status-publish","format-standard","has-post-thumbnail","hentry","category-european-projects-en","tag-european-projects"],"acf":[],"yoast_head":"<!-- This site is optimized with the Yoast SEO plugin v27.3 - https:\/\/yoast.com\/product\/yoast-seo-wordpress\/ -->\n<title>TRINNO: after six years the consortium is back in Barcelona - RESOLVO<\/title>\n<meta name=\"robots\" content=\"index, follow, max-snippet:-1, max-image-preview:large, max-video-preview:-1\" \/>\n<link rel=\"canonical\" href=\"https:\/\/www.resolvo.eu\/en\/trinno-after-six-years-the-consortium-is-back-in-barcelona\/\" \/>\n<meta property=\"og:locale\" content=\"en_US\" \/>\n<meta property=\"og:type\" content=\"article\" \/>\n<meta property=\"og:title\" content=\"TRINNO: after six years the consortium is back in Barcelona - RESOLVO\" \/>\n<meta property=\"og:description\" content=\"The 28th and 29th June TRINNO project partners and their stakeholders gathered in Barcelona, Spain, for third Interregional Learning Event of the additional activities. On first day, we had the opportunity to visit Ca I\u2019Alier and BIT Habitat. We got acquainted with Grants for Innovation that BIT Habitat is offering, the Urban Challenges initiative and...\" \/>\n<meta property=\"og:url\" content=\"https:\/\/www.resolvo.eu\/en\/trinno-after-six-years-the-consortium-is-back-in-barcelona\/\" \/>\n<meta property=\"og:site_name\" content=\"RESOLVO\" \/>\n<meta property=\"article:published_time\" content=\"2022-06-30T10:50:59+00:00\" \/>\n<meta property=\"article:modified_time\" content=\"2022-08-24T07:18:00+00:00\" \/>\n<meta property=\"og:image\" content=\"https:\/\/www.resolvo.eu\/wp-content\/uploads\/2022\/07\/trinno_barcelona2.png\" \/>\n\t<meta property=\"og:image:width\" content=\"1920\" \/>\n\t<meta property=\"og:image:height\" content=\"1200\" \/>\n\t<meta property=\"og:image:type\" content=\"image\/png\" \/>\n<meta name=\"author\" content=\"Francesca Martemucci\" \/>\n<meta name=\"twitter:card\" content=\"summary_large_image\" \/>\n<meta name=\"twitter:image\" content=\"https:\/\/www.resolvo.eu\/wp-content\/uploads\/2022\/07\/trinno_barcelona2.png\" \/>\n<meta name=\"twitter:label1\" content=\"Written by\" \/>\n\t<meta name=\"twitter:data1\" content=\"Francesca Martemucci\" \/>\n\t<meta name=\"twitter:label2\" content=\"Est. reading time\" \/>\n\t<meta name=\"twitter:data2\" content=\"2 minutes\" \/>\n<script type=\"application\/ld+json\" class=\"yoast-schema-graph\">{\"@context\":\"https:\\\/\\\/schema.org\",\"@graph\":[{\"@type\":\"Article\",\"@id\":\"https:\\\/\\\/www.resolvo.eu\\\/en\\\/trinno-after-six-years-the-consortium-is-back-in-barcelona\\\/#article\",\"isPartOf\":{\"@id\":\"https:\\\/\\\/www.resolvo.eu\\\/en\\\/trinno-after-six-years-the-consortium-is-back-in-barcelona\\\/\"},\"author\":{\"name\":\"Francesca Martemucci\",\"@id\":\"https:\\\/\\\/www.resolvo.eu\\\/#\\\/schema\\\/person\\\/1700cdfb997e41f32a47967ca04332b1\"},\"headline\":\"TRINNO: after six years the consortium is back in Barcelona\",\"datePublished\":\"2022-06-30T10:50:59+00:00\",\"dateModified\":\"2022-08-24T07:18:00+00:00\",\"mainEntityOfPage\":{\"@id\":\"https:\\\/\\\/www.resolvo.eu\\\/en\\\/trinno-after-six-years-the-consortium-is-back-in-barcelona\\\/\"},\"wordCount\":207,\"publisher\":{\"@id\":\"https:\\\/\\\/www.resolvo.eu\\\/#organization\"},\"image\":{\"@id\":\"https:\\\/\\\/www.resolvo.eu\\\/en\\\/trinno-after-six-years-the-consortium-is-back-in-barcelona\\\/#primaryimage\"},\"thumbnailUrl\":\"https:\\\/\\\/www.resolvo.eu\\\/wp-content\\\/uploads\\\/2022\\\/07\\\/trinno_barcelona2.png\",\"keywords\":[\"European projects\"],\"articleSection\":[\"European projects\"],\"inLanguage\":\"en-US\"},{\"@type\":\"WebPage\",\"@id\":\"https:\\\/\\\/www.resolvo.eu\\\/en\\\/trinno-after-six-years-the-consortium-is-back-in-barcelona\\\/\",\"url\":\"https:\\\/\\\/www.resolvo.eu\\\/en\\\/trinno-after-six-years-the-consortium-is-back-in-barcelona\\\/\",\"name\":\"TRINNO: after six years the consortium is back in Barcelona - RESOLVO\",\"isPartOf\":{\"@id\":\"https:\\\/\\\/www.resolvo.eu\\\/#website\"},\"primaryImageOfPage\":{\"@id\":\"https:\\\/\\\/www.resolvo.eu\\\/en\\\/trinno-after-six-years-the-consortium-is-back-in-barcelona\\\/#primaryimage\"},\"image\":{\"@id\":\"https:\\\/\\\/www.resolvo.eu\\\/en\\\/trinno-after-six-years-the-consortium-is-back-in-barcelona\\\/#primaryimage\"},\"thumbnailUrl\":\"https:\\\/\\\/www.resolvo.eu\\\/wp-content\\\/uploads\\\/2022\\\/07\\\/trinno_barcelona2.png\",\"datePublished\":\"2022-06-30T10:50:59+00:00\",\"dateModified\":\"2022-08-24T07:18:00+00:00\",\"breadcrumb\":{\"@id\":\"https:\\\/\\\/www.resolvo.eu\\\/en\\\/trinno-after-six-years-the-consortium-is-back-in-barcelona\\\/#breadcrumb\"},\"inLanguage\":\"en-US\",\"potentialAction\":[{\"@type\":\"ReadAction\",\"target\":[\"https:\\\/\\\/www.resolvo.eu\\\/en\\\/trinno-after-six-years-the-consortium-is-back-in-barcelona\\\/\"]}]},{\"@type\":\"ImageObject\",\"inLanguage\":\"en-US\",\"@id\":\"https:\\\/\\\/www.resolvo.eu\\\/en\\\/trinno-after-six-years-the-consortium-is-back-in-barcelona\\\/#primaryimage\",\"url\":\"https:\\\/\\\/www.resolvo.eu\\\/wp-content\\\/uploads\\\/2022\\\/07\\\/trinno_barcelona2.png\",\"contentUrl\":\"https:\\\/\\\/www.resolvo.eu\\\/wp-content\\\/uploads\\\/2022\\\/07\\\/trinno_barcelona2.png\",\"width\":1920,\"height\":1200},{\"@type\":\"BreadcrumbList\",\"@id\":\"https:\\\/\\\/www.resolvo.eu\\\/en\\\/trinno-after-six-years-the-consortium-is-back-in-barcelona\\\/#breadcrumb\",\"itemListElement\":[{\"@type\":\"ListItem\",\"position\":1,\"name\":\"Home\",\"item\":\"https:\\\/\\\/www.resolvo.eu\\\/en\\\/\"},{\"@type\":\"ListItem\",\"position\":2,\"name\":\"TRINNO: after six years the consortium is back in Barcelona\"}]},{\"@type\":\"WebSite\",\"@id\":\"https:\\\/\\\/www.resolvo.eu\\\/#website\",\"url\":\"https:\\\/\\\/www.resolvo.eu\\\/\",\"name\":\"RESOLVO\",\"description\":\"Responsible Solutions | In Toscana Resolvo individua le opportunit\u00e0 di finanziamento per sostenere i progetti di ricerca industriale, sviluppo sperimentale ed innovazione delle imprese.\",\"publisher\":{\"@id\":\"https:\\\/\\\/www.resolvo.eu\\\/#organization\"},\"potentialAction\":[{\"@type\":\"SearchAction\",\"target\":{\"@type\":\"EntryPoint\",\"urlTemplate\":\"https:\\\/\\\/www.resolvo.eu\\\/?s={search_term_string}\"},\"query-input\":{\"@type\":\"PropertyValueSpecification\",\"valueRequired\":true,\"valueName\":\"search_term_string\"}}],\"inLanguage\":\"en-US\"},{\"@type\":\"Organization\",\"@id\":\"https:\\\/\\\/www.resolvo.eu\\\/#organization\",\"name\":\"RESOLVO\",\"url\":\"https:\\\/\\\/www.resolvo.eu\\\/\",\"logo\":{\"@type\":\"ImageObject\",\"inLanguage\":\"en-US\",\"@id\":\"https:\\\/\\\/www.resolvo.eu\\\/#\\\/schema\\\/logo\\\/image\\\/\",\"url\":\"https:\\\/\\\/www.resolvo.eu\\\/wp-content\\\/uploads\\\/2022\\\/02\\\/cropped-favicon.png\",\"contentUrl\":\"https:\\\/\\\/www.resolvo.eu\\\/wp-content\\\/uploads\\\/2022\\\/02\\\/cropped-favicon.png\",\"width\":512,\"height\":512,\"caption\":\"RESOLVO\"},\"image\":{\"@id\":\"https:\\\/\\\/www.resolvo.eu\\\/#\\\/schema\\\/logo\\\/image\\\/\"}},{\"@type\":\"Person\",\"@id\":\"https:\\\/\\\/www.resolvo.eu\\\/#\\\/schema\\\/person\\\/1700cdfb997e41f32a47967ca04332b1\",\"name\":\"Francesca Martemucci\",\"image\":{\"@type\":\"ImageObject\",\"inLanguage\":\"en-US\",\"@id\":\"https:\\\/\\\/secure.gravatar.com\\\/avatar\\\/4e0bd28220c4450e825a2646fac2cda3ed6ac25e6d65a6d837281f44738b6b7f?s=96&d=mm&r=g\",\"url\":\"https:\\\/\\\/secure.gravatar.com\\\/avatar\\\/4e0bd28220c4450e825a2646fac2cda3ed6ac25e6d65a6d837281f44738b6b7f?s=96&d=mm&r=g\",\"contentUrl\":\"https:\\\/\\\/secure.gravatar.com\\\/avatar\\\/4e0bd28220c4450e825a2646fac2cda3ed6ac25e6d65a6d837281f44738b6b7f?s=96&d=mm&r=g\",\"caption\":\"Francesca Martemucci\"},\"url\":\"https:\\\/\\\/www.resolvo.eu\\\/en\\\/author\\\/francescamartemucci\\\/\"}]}<\/script>\n<!-- \/ Yoast SEO plugin. -->","yoast_head_json":{"title":"TRINNO: after six years the consortium is back in Barcelona - RESOLVO","robots":{"index":"index","follow":"follow","max-snippet":"max-snippet:-1","max-image-preview":"max-image-preview:large","max-video-preview":"max-video-preview:-1"},"canonical":"https:\/\/www.resolvo.eu\/en\/trinno-after-six-years-the-consortium-is-back-in-barcelona\/","og_locale":"en_US","og_type":"article","og_title":"TRINNO: after six years the consortium is back in Barcelona - RESOLVO","og_description":"The 28th and 29th June TRINNO project partners and their stakeholders gathered in Barcelona, Spain, for third Interregional Learning Event of the additional activities. On first day, we had the opportunity to visit Ca I\u2019Alier and BIT Habitat. We got acquainted with Grants for Innovation that BIT Habitat is offering, the Urban Challenges initiative and...","og_url":"https:\/\/www.resolvo.eu\/en\/trinno-after-six-years-the-consortium-is-back-in-barcelona\/","og_site_name":"RESOLVO","article_published_time":"2022-06-30T10:50:59+00:00","article_modified_time":"2022-08-24T07:18:00+00:00","og_image":[{"width":1920,"height":1200,"url":"https:\/\/www.resolvo.eu\/wp-content\/uploads\/2022\/07\/trinno_barcelona2.png","type":"image\/png"}],"author":"Francesca Martemucci","twitter_card":"summary_large_image","twitter_image":"https:\/\/www.resolvo.eu\/wp-content\/uploads\/2022\/07\/trinno_barcelona2.png","twitter_misc":{"Written by":"Francesca Martemucci","Est. reading time":"2 minutes"},"schema":{"@context":"https:\/\/schema.org","@graph":[{"@type":"Article","@id":"https:\/\/www.resolvo.eu\/en\/trinno-after-six-years-the-consortium-is-back-in-barcelona\/#article","isPartOf":{"@id":"https:\/\/www.resolvo.eu\/en\/trinno-after-six-years-the-consortium-is-back-in-barcelona\/"},"author":{"name":"Francesca Martemucci","@id":"https:\/\/www.resolvo.eu\/#\/schema\/person\/1700cdfb997e41f32a47967ca04332b1"},"headline":"TRINNO: after six years the consortium is back in Barcelona","datePublished":"2022-06-30T10:50:59+00:00","dateModified":"2022-08-24T07:18:00+00:00","mainEntityOfPage":{"@id":"https:\/\/www.resolvo.eu\/en\/trinno-after-six-years-the-consortium-is-back-in-barcelona\/"},"wordCount":207,"publisher":{"@id":"https:\/\/www.resolvo.eu\/#organization"},"image":{"@id":"https:\/\/www.resolvo.eu\/en\/trinno-after-six-years-the-consortium-is-back-in-barcelona\/#primaryimage"},"thumbnailUrl":"https:\/\/www.resolvo.eu\/wp-content\/uploads\/2022\/07\/trinno_barcelona2.png","keywords":["European projects"],"articleSection":["European projects"],"inLanguage":"en-US"},{"@type":"WebPage","@id":"https:\/\/www.resolvo.eu\/en\/trinno-after-six-years-the-consortium-is-back-in-barcelona\/","url":"https:\/\/www.resolvo.eu\/en\/trinno-after-six-years-the-consortium-is-back-in-barcelona\/","name":"TRINNO: after six years the consortium is back in Barcelona - RESOLVO","isPartOf":{"@id":"https:\/\/www.resolvo.eu\/#website"},"primaryImageOfPage":{"@id":"https:\/\/www.resolvo.eu\/en\/trinno-after-six-years-the-consortium-is-back-in-barcelona\/#primaryimage"},"image":{"@id":"https:\/\/www.resolvo.eu\/en\/trinno-after-six-years-the-consortium-is-back-in-barcelona\/#primaryimage"},"thumbnailUrl":"https:\/\/www.resolvo.eu\/wp-content\/uploads\/2022\/07\/trinno_barcelona2.png","datePublished":"2022-06-30T10:50:59+00:00","dateModified":"2022-08-24T07:18:00+00:00","breadcrumb":{"@id":"https:\/\/www.resolvo.eu\/en\/trinno-after-six-years-the-consortium-is-back-in-barcelona\/#breadcrumb"},"inLanguage":"en-US","potentialAction":[{"@type":"ReadAction","target":["https:\/\/www.resolvo.eu\/en\/trinno-after-six-years-the-consortium-is-back-in-barcelona\/"]}]},{"@type":"ImageObject","inLanguage":"en-US","@id":"https:\/\/www.resolvo.eu\/en\/trinno-after-six-years-the-consortium-is-back-in-barcelona\/#primaryimage","url":"https:\/\/www.resolvo.eu\/wp-content\/uploads\/2022\/07\/trinno_barcelona2.png","contentUrl":"https:\/\/www.resolvo.eu\/wp-content\/uploads\/2022\/07\/trinno_barcelona2.png","width":1920,"height":1200},{"@type":"BreadcrumbList","@id":"https:\/\/www.resolvo.eu\/en\/trinno-after-six-years-the-consortium-is-back-in-barcelona\/#breadcrumb","itemListElement":[{"@type":"ListItem","position":1,"name":"Home","item":"https:\/\/www.resolvo.eu\/en\/"},{"@type":"ListItem","position":2,"name":"TRINNO: after six years the consortium is back in Barcelona"}]},{"@type":"WebSite","@id":"https:\/\/www.resolvo.eu\/#website","url":"https:\/\/www.resolvo.eu\/","name":"RESOLVO","description":"Responsible Solutions | In Toscana Resolvo individua le opportunit\u00e0 di finanziamento per sostenere i progetti di ricerca industriale, sviluppo sperimentale ed innovazione delle imprese.","publisher":{"@id":"https:\/\/www.resolvo.eu\/#organization"},"potentialAction":[{"@type":"SearchAction","target":{"@type":"EntryPoint","urlTemplate":"https:\/\/www.resolvo.eu\/?s={search_term_string}"},"query-input":{"@type":"PropertyValueSpecification","valueRequired":true,"valueName":"search_term_string"}}],"inLanguage":"en-US"},{"@type":"Organization","@id":"https:\/\/www.resolvo.eu\/#organization","name":"RESOLVO","url":"https:\/\/www.resolvo.eu\/","logo":{"@type":"ImageObject","inLanguage":"en-US","@id":"https:\/\/www.resolvo.eu\/#\/schema\/logo\/image\/","url":"https:\/\/www.resolvo.eu\/wp-content\/uploads\/2022\/02\/cropped-favicon.png","contentUrl":"https:\/\/www.resolvo.eu\/wp-content\/uploads\/2022\/02\/cropped-favicon.png","width":512,"height":512,"caption":"RESOLVO"},"image":{"@id":"https:\/\/www.resolvo.eu\/#\/schema\/logo\/image\/"}},{"@type":"Person","@id":"https:\/\/www.resolvo.eu\/#\/schema\/person\/1700cdfb997e41f32a47967ca04332b1","name":"Francesca Martemucci","image":{"@type":"ImageObject","inLanguage":"en-US","@id":"https:\/\/secure.gravatar.com\/avatar\/4e0bd28220c4450e825a2646fac2cda3ed6ac25e6d65a6d837281f44738b6b7f?s=96&d=mm&r=g","url":"https:\/\/secure.gravatar.com\/avatar\/4e0bd28220c4450e825a2646fac2cda3ed6ac25e6d65a6d837281f44738b6b7f?s=96&d=mm&r=g","contentUrl":"https:\/\/secure.gravatar.com\/avatar\/4e0bd28220c4450e825a2646fac2cda3ed6ac25e6d65a6d837281f44738b6b7f?s=96&d=mm&r=g","caption":"Francesca Martemucci"},"url":"https:\/\/www.resolvo.eu\/en\/author\/francescamartemucci\/"}]}},"_links":{"self":[{"href":"https:\/\/www.resolvo.eu\/en\/wp-json\/wp\/v2\/posts\/12567","targetHints":{"allow":["GET"]}}],"collection":[{"href":"https:\/\/www.resolvo.eu\/en\/wp-json\/wp\/v2\/posts"}],"about":[{"href":"https:\/\/www.resolvo.eu\/en\/wp-json\/wp\/v2\/types\/post"}],"author":[{"embeddable":true,"href":"https:\/\/www.resolvo.eu\/en\/wp-json\/wp\/v2\/users\/4"}],"replies":[{"embeddable":true,"href":"https:\/\/www.resolvo.eu\/en\/wp-json\/wp\/v2\/comments?post=12567"}],"version-history":[{"count":0,"href":"https:\/\/www.resolvo.eu\/en\/wp-json\/wp\/v2\/posts\/12567\/revisions"}],"wp:featuredmedia":[{"embeddable":true,"href":"https:\/\/www.resolvo.eu\/en\/wp-json\/wp\/v2\/media\/12564"}],"wp:attachment":[{"href":"https:\/\/www.resolvo.eu\/en\/wp-json\/wp\/v2\/media?parent=12567"}],"wp:term":[{"taxonomy":"category","embeddable":true,"href":"https:\/\/www.resolvo.eu\/en\/wp-json\/wp\/v2\/categories?post=12567"},{"taxonomy":"post_tag","embeddable":true,"href":"https:\/\/www.resolvo.eu\/en\/wp-json\/wp\/v2\/tags?post=12567"}],"curies":[{"name":"wp","href":"https:\/\/api.w.org\/{rel}","templated":true}]}}